{"id":26591,"date":"2026-02-27T12:00:00","date_gmt":"2026-02-27T11:00:00","guid":{"rendered":"https:\/\/mskart.cz\/?p=26591"},"modified":"2026-04-01T12:13:39","modified_gmt":"2026-04-01T10:13:39","slug":"nasi-dd2-zavodnici-pro-rok-2026","status":"publish","type":"post","link":"https:\/\/mskart.cz\/en\/nasi-dd2-zavodnici-pro-rok-2026\/","title":{"rendered":"Our Rotax DD2 racers for 2026!"},"content":{"rendered":"<div style=\"height:10px\" aria-hidden=\"true\" class=\"wp-block-spacer\"><\/div>\n\n\n\n<p>Next up are our MS KART team drivers in the Rotax DD2 category. These drivers aren\u2019t afraid to show what they\u2019re made of, and the whole team is gunning for the top spots!<\/p>\n\n\n\n<div class=\"wp-block-columns is-layout-flex wp-container-core-columns-is-layout-28f84493 wp-block-columns-is-layout-flex\">\n<div class=\"wp-block-column is-layout-flow wp-block-column-is-layout-flow\"><style>.kb-image26591_226cf9-c3 .kb-image-has-overlay:after{opacity:0.3;}<\/style>\n<figure class=\"wp-block-kadence-image kb-image26591_226cf9-c3 size-large\"><img fetchpriority=\"high\" decoding=\"async\" width=\"819\" height=\"1024\" src=\"http:\/\/mskart.cz\/wp-content\/uploads\/2026\/04\/Valenta-819x1024.png\" alt=\"\" class=\"kb-img wp-image-26594\" srcset=\"https:\/\/mskart.cz\/wp-content\/uploads\/2026\/04\/Valenta-819x1024.png 819w,  https:\/\/mskart.cz\/wp-content\/uploads\/2026\/04\/Valenta-240x300.png 240w,  https:\/\/mskart.cz\/wp-content\/uploads\/2026\/04\/Valenta.png 1080w\" sizes=\"(max-width: 819px) 100vw, 819px\" \/><\/figure>\n<\/div>\n\n\n\n<div class=\"wp-block-column is-layout-flow wp-block-column-is-layout-flow\"><style>.wp-block-kadence-advancedheading.kt-adv-heading26591_2ca0c9-5b, .wp-block-kadence-advancedheading.kt-adv-heading26591_2ca0c9-5b[data-kb-block=\"kb-adv-heading26591_2ca0c9-5b\"]{font-size:var(--global-kb-font-size-xl, 3rem);font-style:normal;}.wp-block-kadence-advancedheading.kt-adv-heading26591_2ca0c9-5b mark.kt-highlight, .wp-block-kadence-advancedheading.kt-adv-heading26591_2ca0c9-5b[data-kb-block=\"kb-adv-heading26591_2ca0c9-5b\"] mark.kt-highlight{font-style:normal;color:#f76a0c;-webkit-box-decoration-break:clone;box-decoration-break:clone;padding-top:0px;padding-right:0px;padding-bottom:0px;padding-left:0px;}<\/style>\n<p class=\"kt-adv-heading26591_2ca0c9-5b wp-block-kadence-advancedheading\" data-kb-block=\"kb-adv-heading26591_2ca0c9-5b\"><strong>Filip Valenta<\/strong><\/p>\n\n\n<style>.wp-block-kadence-advancedheading.kt-adv-heading26591_534764-09, .wp-block-kadence-advancedheading.kt-adv-heading26591_534764-09[data-kb-block=\"kb-adv-heading26591_534764-09\"]{font-size:var(--global-kb-font-size-lg, 2rem);font-style:normal;}.wp-block-kadence-advancedheading.kt-adv-heading26591_534764-09 mark.kt-highlight, .wp-block-kadence-advancedheading.kt-adv-heading26591_534764-09[data-kb-block=\"kb-adv-heading26591_534764-09\"] mark.kt-highlight{font-style:normal;color:#f76a0c;-webkit-box-decoration-break:clone;box-decoration-break:clone;padding-top:0px;padding-right:0px;padding-bottom:0px;padding-left:0px;}<\/style>\n<p class=\"kt-adv-heading26591_534764-09 wp-block-kadence-advancedheading\" data-kb-block=\"kb-adv-heading26591_534764-09\"><strong>31.7.2009 &#8211; #407<\/strong><\/p>\n\n\n<style>.wp-block-kadence-advancedheading.kt-adv-heading26591_9f9703-dd, .wp-block-kadence-advancedheading.kt-adv-heading26591_9f9703-dd[data-kb-block=\"kb-adv-heading26591_9f9703-dd\"]{font-size:var(--global-kb-font-size-md, 1.25rem);font-style:normal;}.wp-block-kadence-advancedheading.kt-adv-heading26591_9f9703-dd mark.kt-highlight, .wp-block-kadence-advancedheading.kt-adv-heading26591_9f9703-dd[data-kb-block=\"kb-adv-heading26591_9f9703-dd\"] mark.kt-highlight{font-style:normal;color:#f76a0c;-webkit-box-decoration-break:clone;box-decoration-break:clone;padding-top:0px;padding-right:0px;padding-bottom:0px;padding-left:0px;}<\/style>\n<p class=\"kt-adv-heading26591_9f9703-dd wp-block-kadence-advancedheading\" data-kb-block=\"kb-adv-heading26591_9f9703-dd\">Filip started in 2022 in Lipn\u00edk nad Be\u010dvou. A&nbsp;year later, he was already competing at the RMC \u010cR in T\u0159inec. He joined DD2 with a&nbsp;simple goal: to have fun and improve.<\/p>\n<\/div>\n<\/div>\n\n\n\n<div class=\"wp-block-columns is-layout-flex wp-container-core-columns-is-layout-28f84493 wp-block-columns-is-layout-flex\">\n<div class=\"wp-block-column is-layout-flow wp-block-column-is-layout-flow\"><style>.wp-block-kadence-advancedheading.kt-adv-heading26591_98c5d5-31, .wp-block-kadence-advancedheading.kt-adv-heading26591_98c5d5-31[data-kb-block=\"kb-adv-heading26591_98c5d5-31\"]{font-size:var(--global-kb-font-size-xl, 3rem);font-style:normal;}.wp-block-kadence-advancedheading.kt-adv-heading26591_98c5d5-31 mark.kt-highlight, .wp-block-kadence-advancedheading.kt-adv-heading26591_98c5d5-31[data-kb-block=\"kb-adv-heading26591_98c5d5-31\"] mark.kt-highlight{font-style:normal;color:#f76a0c;-webkit-box-decoration-break:clone;box-decoration-break:clone;padding-top:0px;padding-right:0px;padding-bottom:0px;padding-left:0px;}<\/style>\n<p class=\"kt-adv-heading26591_98c5d5-31 wp-block-kadence-advancedheading\" data-kb-block=\"kb-adv-heading26591_98c5d5-31\"><strong>Adam Leffler<\/strong><\/p>\n\n\n<style>.wp-block-kadence-advancedheading.kt-adv-heading26591_4ae754-08, .wp-block-kadence-advancedheading.kt-adv-heading26591_4ae754-08[data-kb-block=\"kb-adv-heading26591_4ae754-08\"]{font-size:var(--global-kb-font-size-lg, 2rem);font-style:normal;}.wp-block-kadence-advancedheading.kt-adv-heading26591_4ae754-08 mark.kt-highlight, .wp-block-kadence-advancedheading.kt-adv-heading26591_4ae754-08[data-kb-block=\"kb-adv-heading26591_4ae754-08\"] mark.kt-highlight{font-style:normal;color:#f76a0c;-webkit-box-decoration-break:clone;box-decoration-break:clone;padding-top:0px;padding-right:0px;padding-bottom:0px;padding-left:0px;}<\/style>\n<p class=\"kt-adv-heading26591_4ae754-08 wp-block-kadence-advancedheading\" data-kb-block=\"kb-adv-heading26591_4ae754-08\"><strong>13.6.2011 &#8211; #13<\/strong><\/p>\n\n\n<style>.wp-block-kadence-advancedheading.kt-adv-heading26591_f70b1c-3f, .wp-block-kadence-advancedheading.kt-adv-heading26591_f70b1c-3f[data-kb-block=\"kb-adv-heading26591_f70b1c-3f\"]{font-size:var(--global-kb-font-size-md, 1.25rem);font-style:normal;}.wp-block-kadence-advancedheading.kt-adv-heading26591_f70b1c-3f mark.kt-highlight, .wp-block-kadence-advancedheading.kt-adv-heading26591_f70b1c-3f[data-kb-block=\"kb-adv-heading26591_f70b1c-3f\"] mark.kt-highlight{font-style:normal;color:#f76a0c;-webkit-box-decoration-break:clone;box-decoration-break:clone;padding-top:0px;padding-right:0px;padding-bottom:0px;padding-left:0px;}<\/style>\n<p class=\"kt-adv-heading26591_f70b1c-3f wp-block-kadence-advancedheading\" data-kb-block=\"kb-adv-heading26591_f70b1c-3f\">For a&nbsp;long time, Adam only drove rental cars, and it never even occurred to him that he could race. Then came the academy in Ho\u0159ovice, and suddenly he was on the race track. Adam\u2019s idol is Michael Schumacher, and he wants to show everyone what he\u2019s made of.<\/p>\n<\/div>\n\n\n\n<div class=\"wp-block-column is-layout-flow wp-block-column-is-layout-flow\"><style>.kb-image26591_883a78-99 .kb-image-has-overlay:after{opacity:0.3;}<\/style>\n<figure class=\"wp-block-kadence-image kb-image26591_883a78-99 size-large\"><img decoding=\"async\" width=\"819\" height=\"1024\" src=\"http:\/\/mskart.cz\/wp-content\/uploads\/2026\/04\/Leffler-819x1024.png\" alt=\"\" class=\"kb-img wp-image-26595\" srcset=\"https:\/\/mskart.cz\/wp-content\/uploads\/2026\/04\/Leffler-819x1024.png 819w,  https:\/\/mskart.cz\/wp-content\/uploads\/2026\/04\/Leffler-240x300.png 240w,  https:\/\/mskart.cz\/wp-content\/uploads\/2026\/04\/Leffler.png 1080w\" sizes=\"(max-width: 819px) 100vw, 819px\" \/><\/figure>\n<\/div>\n<\/div>","protected":false},"excerpt":{"rendered":"<p>Next up are our MS KART team drivers in the Rotax DD2 category. These drivers aren\u2019t afraid to show what they\u2019re made of, and the whole team is gunning for the top spots! Filip Valenta 31.7.2009 &#8211; #407 Filip started in 2022 in Lipn\u00edk nad Be\u010dvou. A&nbsp;year later, he was already competing at the RMC [&hellip;]<\/p>","protected":false},"author":6,"featured_media":26593,"comment_status":"closed","ping_status":"closed","sticky":false,"template":"","format":"standard","meta":{"inline_featured_image":false,"footnotes":""},"categories":[6],"tags":[],"class_list":["post-26591","post","type-post","status-publish","format-standard","has-post-thumbnail","hentry","category-racing-team"],"_links":{"self":[{"href":"https:\/\/mskart.cz\/en\/wp-json\/wp\/v2\/posts\/26591","targetHints":{"allow":["GET"]}}],"collection":[{"href":"https:\/\/mskart.cz\/en\/wp-json\/wp\/v2\/posts"}],"about":[{"href":"https:\/\/mskart.cz\/en\/wp-json\/wp\/v2\/types\/post"}],"author":[{"embeddable":true,"href":"https:\/\/mskart.cz\/en\/wp-json\/wp\/v2\/users\/6"}],"replies":[{"embeddable":true,"href":"https:\/\/mskart.cz\/en\/wp-json\/wp\/v2\/comments?post=26591"}],"version-history":[{"count":5,"href":"https:\/\/mskart.cz\/en\/wp-json\/wp\/v2\/posts\/26591\/revisions"}],"predecessor-version":[{"id":26600,"href":"https:\/\/mskart.cz\/en\/wp-json\/wp\/v2\/posts\/26591\/revisions\/26600"}],"wp:featuredmedia":[{"embeddable":true,"href":"https:\/\/mskart.cz\/en\/wp-json\/wp\/v2\/media\/26593"}],"wp:attachment":[{"href":"https:\/\/mskart.cz\/en\/wp-json\/wp\/v2\/media?parent=26591"}],"wp:term":[{"taxonomy":"category","embeddable":true,"href":"https:\/\/mskart.cz\/en\/wp-json\/wp\/v2\/categories?post=26591"},{"taxonomy":"post_tag","embeddable":true,"href":"https:\/\/mskart.cz\/en\/wp-json\/wp\/v2\/tags?post=26591"}],"curies":[{"name":"wp","href":"https:\/\/api.w.org\/{rel}","templated":true}]}}